{"id":1758,"date":"2026-03-13T12:20:00","date_gmt":"2026-03-13T15:20:00","guid":{"rendered":"https:\/\/omniadc.com\/?p=1758"},"modified":"2026-04-06T12:24:14","modified_gmt":"2026-04-06T15:24:14","slug":"projeto-de-data-center-no-pecem-reforca-papel-do-brasil-na-infraestrutura-digital-global","status":"publish","type":"post","link":"http:\/\/omniadc.com\/pt\/projeto-de-data-center-no-pecem-reforca-papel-do-brasil-na-infraestrutura-digital-global\/","title":{"rendered":"Projeto de Data Center no Pec\u00e9m refor\u00e7a papel do Brasil na infraestrutura digital global"},"content":{"rendered":"\n<p>A OMNIA foi destaque em mat\u00e9ria do Estad\u00e3o que detalha o desenvolvimento do Data Center no Complexo do Pec\u00e9m, no Cear\u00e1, um dos projetos mais relevantes de infraestrutura digital em andamento na Am\u00e9rica Latina.<\/p>\n\n\n\n<p>A publica\u00e7\u00e3o apresenta como o empreendimento est\u00e1 sendo estruturado para suportar opera\u00e7\u00f5es de alta capacidade, com foco em processamento de dados em larga escala, incluindo aplica\u00e7\u00f5es de intelig\u00eancia artificial e computa\u00e7\u00e3o de alto desempenho.<\/p>\n\n\n\n<p>A mat\u00e9ria tamb\u00e9m destaca diferenciais estrat\u00e9gicos do projeto, como a localiza\u00e7\u00e3o no Nordeste \u2014 que oferece conectividade internacional por meio de cabos submarinos \u2014 e o modelo de abastecimento baseado em energia renov\u00e1vel dedicada, refor\u00e7ando a efici\u00eancia e a sustentabilidade da opera\u00e7\u00e3o.<\/p>\n\n\n\n<p>Al\u00e9m disso, s\u00e3o abordados aspectos como gera\u00e7\u00e3o de empregos, impacto econ\u00f4mico regional e o papel do projeto na atra\u00e7\u00e3o de investimentos e no fortalecimento do Brasil como hub global de tecnologia.<strong>Leia a mat\u00e9ria completa: <a href=\"https:\/\/www.estadao.com.br\/economia\/negocios\/como-sera-data-center-tiktok-ceara\/\" target=\"_blank\" rel=\"noreferrer noopener nofollow\">https:\/\/www.estadao.com.br\/economia\/negocios\/como-sera-data-center-tiktok-ceara\/<\/a><\/strong><\/p>\n\n\n\n<p><\/p>\n","protected":false},"excerpt":{"rendered":"<p>A OMNIA foi destaque em mat\u00e9ria do Estad\u00e3o que detalha o desenvolvimento do Data Center no Complexo do Pec\u00e9m, no Cear\u00e1, um dos projetos mais relevantes de infraestrutura digital em andamento na Am\u00e9rica Latina. A publica\u00e7\u00e3o apresenta como o empreendimento est\u00e1 sendo estruturado para suportar opera\u00e7\u00f5es de alta capacidade, com foco em processamento de dados [&hellip;]<\/p>\n","protected":false},"author":1,"featured_media":1760,"comment_status":"closed","ping_status":"closed","sticky":false,"template":"","format":"standard","meta":{"footnotes":""},"categories":[9],"tags":[],"class_list":["post-1758","post","type-post","status-publish","format-standard","has-post-thumbnail","hentry","category-na-midia"],"_links":{"self":[{"href":"http:\/\/omniadc.com\/pt\/wp-json\/wp\/v2\/posts\/1758","targetHints":{"allow":["GET"]}}],"collection":[{"href":"http:\/\/omniadc.com\/pt\/wp-json\/wp\/v2\/posts"}],"about":[{"href":"http:\/\/omniadc.com\/pt\/wp-json\/wp\/v2\/types\/post"}],"author":[{"embeddable":true,"href":"http:\/\/omniadc.com\/pt\/wp-json\/wp\/v2\/users\/1"}],"replies":[{"embeddable":true,"href":"http:\/\/omniadc.com\/pt\/wp-json\/wp\/v2\/comments?post=1758"}],"version-history":[{"count":1,"href":"http:\/\/omniadc.com\/pt\/wp-json\/wp\/v2\/posts\/1758\/revisions"}],"predecessor-version":[{"id":1761,"href":"http:\/\/omniadc.com\/pt\/wp-json\/wp\/v2\/posts\/1758\/revisions\/1761"}],"wp:featuredmedia":[{"embeddable":true,"href":"http:\/\/omniadc.com\/pt\/wp-json\/wp\/v2\/media\/1760"}],"wp:attachment":[{"href":"http:\/\/omniadc.com\/pt\/wp-json\/wp\/v2\/media?parent=1758"}],"wp:term":[{"taxonomy":"category","embeddable":true,"href":"http:\/\/omniadc.com\/pt\/wp-json\/wp\/v2\/categories?post=1758"},{"taxonomy":"post_tag","embeddable":true,"href":"http:\/\/omniadc.com\/pt\/wp-json\/wp\/v2\/tags?post=1758"}],"curies":[{"name":"wp","href":"https:\/\/api.w.org\/{rel}","templated":true}]}}