{"id":1763,"date":"2026-03-25T12:24:00","date_gmt":"2026-03-25T15:24:00","guid":{"rendered":"https:\/\/omniadc.com\/?p=1763"},"modified":"2026-04-06T12:25:21","modified_gmt":"2026-04-06T15:25:21","slug":"omnia-avanca-com-projeto-de-data-center-no-ceara-em-parceria-com-empresa-global-de-tecnologia","status":"publish","type":"post","link":"http:\/\/omniadc.com\/pt\/omnia-avanca-com-projeto-de-data-center-no-ceara-em-parceria-com-empresa-global-de-tecnologia\/","title":{"rendered":"OMNIA avan\u00e7a com projeto de Data Center no Cear\u00e1 em parceria com empresa global de tecnologia"},"content":{"rendered":"\n<p>A OMNIA foi destaque em mat\u00e9ria do Valor Econ\u00f4mico sobre o desenvolvimento do Data Center no Complexo do Pec\u00e9m, no Cear\u00e1, um dos projetos mais relevantes de infraestrutura digital em andamento no Brasil.<\/p>\n\n\n\n<p>A publica\u00e7\u00e3o aborda o avan\u00e7o do projeto, que ser\u00e1 desenvolvido para atender a uma empresa global de tecnologia, com foco em opera\u00e7\u00f5es de alta capacidade e longo prazo. A iniciativa refor\u00e7a o posicionamento do pa\u00eds como um hub estrat\u00e9gico para data centers, impulsionado pela disponibilidade de energia renov\u00e1vel e conectividade internacional.<\/p>\n\n\n\n<p>A mat\u00e9ria tamb\u00e9m destaca o modelo de estrutura\u00e7\u00e3o do investimento e o papel do projeto na expans\u00e3o da infraestrutura digital na Am\u00e9rica Latina, al\u00e9m das vantagens competitivas da regi\u00e3o do Pec\u00e9m, como acesso \u00e0 energia limpa, benef\u00edcios fiscais e proximidade com cabos submarinos.<\/p>\n\n\n\n<p><strong>Leia a mat\u00e9ria completa:<\/strong> <a href=\"https:\/\/valor.globo.com\/empresas\/noticia\/2026\/03\/25\/omnia-constroi-data-center-de-r-11-bi-para-tiktok.ghtml\" target=\"_blank\" rel=\"noreferrer noopener nofollow\">https:\/\/valor.globo.com\/empresas\/noticia\/2026\/03\/25\/omnia-constroi-data-center-de-r-11-bi-para-tiktok.ghtml<\/a><\/p>\n\n\n\n<p><\/p>\n","protected":false},"excerpt":{"rendered":"<p>A OMNIA foi destaque em mat\u00e9ria do Valor Econ\u00f4mico sobre o desenvolvimento do Data Center no Complexo do Pec\u00e9m, no Cear\u00e1, um dos projetos mais relevantes de infraestrutura digital em andamento no Brasil. A publica\u00e7\u00e3o aborda o avan\u00e7o do projeto, que ser\u00e1 desenvolvido para atender a uma empresa global de tecnologia, com foco em opera\u00e7\u00f5es [&hellip;]<\/p>\n","protected":false},"author":1,"featured_media":1759,"comment_status":"closed","ping_status":"closed","sticky":false,"template":"","format":"standard","meta":{"footnotes":""},"categories":[9],"tags":[],"class_list":["post-1763","post","type-post","status-publish","format-standard","has-post-thumbnail","hentry","category-na-midia"],"_links":{"self":[{"href":"http:\/\/omniadc.com\/pt\/wp-json\/wp\/v2\/posts\/1763","targetHints":{"allow":["GET"]}}],"collection":[{"href":"http:\/\/omniadc.com\/pt\/wp-json\/wp\/v2\/posts"}],"about":[{"href":"http:\/\/omniadc.com\/pt\/wp-json\/wp\/v2\/types\/post"}],"author":[{"embeddable":true,"href":"http:\/\/omniadc.com\/pt\/wp-json\/wp\/v2\/users\/1"}],"replies":[{"embeddable":true,"href":"http:\/\/omniadc.com\/pt\/wp-json\/wp\/v2\/comments?post=1763"}],"version-history":[{"count":1,"href":"http:\/\/omniadc.com\/pt\/wp-json\/wp\/v2\/posts\/1763\/revisions"}],"predecessor-version":[{"id":1764,"href":"http:\/\/omniadc.com\/pt\/wp-json\/wp\/v2\/posts\/1763\/revisions\/1764"}],"wp:featuredmedia":[{"embeddable":true,"href":"http:\/\/omniadc.com\/pt\/wp-json\/wp\/v2\/media\/1759"}],"wp:attachment":[{"href":"http:\/\/omniadc.com\/pt\/wp-json\/wp\/v2\/media?parent=1763"}],"wp:term":[{"taxonomy":"category","embeddable":true,"href":"http:\/\/omniadc.com\/pt\/wp-json\/wp\/v2\/categories?post=1763"},{"taxonomy":"post_tag","embeddable":true,"href":"http:\/\/omniadc.com\/pt\/wp-json\/wp\/v2\/tags?post=1763"}],"curies":[{"name":"wp","href":"https:\/\/api.w.org\/{rel}","templated":true}]}}